{"id":1636,"date":"2016-02-19T12:39:37","date_gmt":"2016-02-19T18:39:37","guid":{"rendered":"http:\/\/16599transmedia.org.mx\/epcon\/?p=1636"},"modified":"2016-02-19T12:39:37","modified_gmt":"2016-02-19T18:39:37","slug":"alma-delia-aguilar","status":"publish","type":"post","link":"http:\/\/16599transmedia.org.mx\/index.php\/2016\/02\/19\/alma-delia-aguilar\/","title":{"rendered":"Alma Delia Aguilar"},"content":{"rendered":"<div class=\"fusion-fullwidth fullwidth-box fusion-fullwidth-1  fusion-parallax-none nonhundred-percent-fullwidth\" style=\"border-color:#25292b;border-bottom-width: 0px;border-top-width: 0px;border-bottom-style: solid;border-top-style: solid;padding-bottom:50px;padding-top:50px;padding-left:;padding-right:;background-color:#ffffff;\"><style type=\"text\/css\" scoped=\"scoped\">.fusion-fullwidth-1 {\n                            padding-left: px !important;\n                            padding-right: px !important;\n                        }<\/style><div class=\"fusion-row\"><div class=\"fusion-one-fourth fusion-layout-column fusion-spacing-yes\" style=\"margin-top:0px;margin-bottom:20px;\"><div class=\"fusion-column-wrapper\"><div class=\"fusion-clearfix\"><\/div><\/div><\/div><div class=\"fusion-one-half fusion-layout-column fusion-spacing-yes\" style=\"margin-top:0px;margin-bottom:20px;\"><div class=\"fusion-column-wrapper\"><h2><span style=\"color: #b21414;\">Testimonio Alma<\/span><\/h2>\n<p class=\"txtTuhitoria\" style=\"text-align: justify;\"><span style=\"color: #333333;\">Me llamo Alma Delia Aguilar , mi departamento es auditoria yo estaba apunto de jubilarme el decreto de extinci\u00f3n me lo impidi\u00f3. Tengo tres hijos apartir del decreto mis hijos se vieron afectados el m\u00e1s peque\u00f1o es el que m\u00e1s lo resinti\u00f3, ahorita no vive conmigo mi hermana me apoyo con sus gastos pero no es lo mismo me hace mucha falta mi hijo, no lo puedo mantener me han negado el trabajo y cuando al fin logre tener un trabajo estable como analista, me encontr\u00e9 con el mismo enemigo donde estaba trabajando hab\u00eda una persona del PAN que al enterarse que yo trabaje en luz y fuerza me trato como si fuera apestada, me dijo que no tenia nada que hacer ah\u00ed, que me fuera a mis marchas y me despidieron. Esta etapa de mi vida es como si me estuviera ahogando y cuando al fin veo logro salir, me vuelven a hundir. Me tuve que desprender de muchos de mis bienes materiales, mi salud se vio afectada, mis hijos sufren bulling. Pero se que mis demandas son dignas, que el gobierno no me regalo nada, todo lo trabaje, nunca robe. Estoy consiente de que el camino no es f\u00e1cil pero se que tenemos la raz\u00f3n, no me importa estar en las marchas ni en las calles, lo que si me duele es ver el deterioro que sufren mis hijos, pero se que la lucha vale la pena, yo no dejare de luchar, tenemos la raz\u00f3n.<\/span><\/p>\n<div class=\"fusion-button-wrapper\"><style type=\"text\/css\" scoped=\"scoped\">.fusion-button.button-1 .fusion-button-text, .fusion-button.button-1 i {color:#ffffff;}.fusion-button.button-1 {border-width:0px;border-color:#ffffff;}.fusion-button.button-1 .fusion-button-icon-divider{border-color:#ffffff;}.fusion-button.button-1:hover .fusion-button-text, .fusion-button.button-1:hover i,.fusion-button.button-1:focus .fusion-button-text, .fusion-button.button-1:focus i,.fusion-button.button-1:active .fusion-button-text, .fusion-button.button-1:active{color:#ffffff;}.fusion-button.button-1:hover, .fusion-button.button-1:focus, .fusion-button.button-1:active{border-width:0px;border-color:#ffffff;}.fusion-button.button-1:hover .fusion-button-icon-divider, .fusion-button.button-1:hover .fusion-button-icon-divider, .fusion-button.button-1:active .fusion-button-icon-divider{border-color:#ffffff;}.fusion-button.button-1{background: #b21414;}.fusion-button.button-1:hover,.button-1:focus,.fusion-button.button-1:active{background: #cd071e;}.fusion-button.button-1{width:100%;}<\/style><a class=\"fusion-button button-flat button-square button-xlarge button-default button-1\" target=\"_self\" href=\"index.php\/historias\/\"><span class=\"fusion-button-text\">REGRESAR<\/span><\/a><\/div><div class=\"fusion-clearfix\"><\/div><\/div><\/div><div class=\"fusion-one-fourth fusion-layout-column fusion-column-last fusion-spacing-yes\" style=\"margin-top:0px;margin-bottom:20px;\"><div class=\"fusion-column-wrapper\"><div class=\"fusion-clearfix\"><\/div><\/div><\/div><div class=\"fusion-clearfix\"><\/div><\/div><\/div><div class=\"fusion-fullwidth fullwidth-box fusion-fullwidth-2  fusion-parallax-none nonhundred-percent-fullwidth\" style=\"border-color:#25292b;border-bottom-width: 0px;border-top-width: 0px;border-bottom-style: solid;border-top-style: solid;padding-bottom:0px;padding-top:90px;padding-left:;padding-right:;background-color:#25292b;\"><style type=\"text\/css\" scoped=\"scoped\">.fusion-fullwidth-2 {\n                            padding-left: px !important;\n                            padding-right: px !important;\n                        }<\/style><div class=\"fusion-row\"><div class=\"fusion-recent-posts avada-container layout-default layout-columns-6\"><section class=\"fusion-columns columns fusion-columns-6 columns-6\"><div class=\"fusion-column column col col-lg-2 col-md-2 col-sm-2\"><div class=\"fusion-flexslider flexslider flexslider-hover-type-none\"><ul class=\"slides\"><li><a href=\"http:\/\/16599transmedia.org.mx\/index.php\/2016\/02\/19\/alma-delia-aguilar\/\" class=\"hover-type-none\"><img src=\"http:\/\/16599transmedia.org.mx\/wp-content\/uploads\/2016\/02\/puno-rayo.png\" alt=\"\" \/><\/a><\/li><\/ul><\/div><div class=\"recent-posts-content\"><span class=\"vcard\" style=\"display: none;\"><span class=\"fn\"><a href=\"http:\/\/16599transmedia.org.mx\/index.php\/author\/transmedia_root\/\" title=\"Entradas de transmedia_root\" rel=\"author\">transmedia_root<\/a><\/span><\/span><span class=\"updated\" style=\"display:none;\">2016-02-19T12:39:37-06:00<\/span><h4 class=\"entry-title\"><a href=\"http:\/\/16599transmedia.org.mx\/index.php\/2016\/02\/19\/alma-delia-aguilar\/\">Alma Delia Aguilar<\/a><\/h4><\/div><\/div><div class=\"fusion-column column col col-lg-2 col-md-2 col-sm-2\"><div class=\"fusion-flexslider flexslider flexslider-hover-type-none\"><ul class=\"slides\"><li><a href=\"http:\/\/16599transmedia.org.mx\/index.php\/2016\/02\/19\/moto-club-legendarios-electricos\/\" class=\"hover-type-none\"><img src=\"http:\/\/16599transmedia.org.mx\/wp-content\/uploads\/2016\/02\/puno-rayo.png\" alt=\"\" \/><\/a><\/li><\/ul><\/div><div class=\"recent-posts-content\"><span class=\"vcard\" style=\"display: none;\"><span class=\"fn\"><a href=\"http:\/\/16599transmedia.org.mx\/index.php\/author\/transmedia_root\/\" title=\"Entradas de transmedia_root\" rel=\"author\">transmedia_root<\/a><\/span><\/span><span class=\"updated\" style=\"display:none;\">2016-02-19T12:35:10-06:00<\/span><h4 class=\"entry-title\"><a href=\"http:\/\/16599transmedia.org.mx\/index.php\/2016\/02\/19\/moto-club-legendarios-electricos\/\">Moto Club Legendarios El\u00e9ctricos<\/a><\/h4><\/div><\/div><div class=\"fusion-column column col col-lg-2 col-md-2 col-sm-2\"><div class=\"fusion-flexslider flexslider flexslider-hover-type-none\"><ul class=\"slides\"><li><a href=\"http:\/\/16599transmedia.org.mx\/index.php\/2016\/02\/19\/arturo-rodea-victoria\/\" class=\"hover-type-none\"><img src=\"http:\/\/16599transmedia.org.mx\/wp-content\/uploads\/2016\/02\/puno-rayo.png\" alt=\"\" \/><\/a><\/li><\/ul><\/div><div class=\"recent-posts-content\"><span class=\"vcard\" style=\"display: none;\"><span class=\"fn\"><a href=\"http:\/\/16599transmedia.org.mx\/index.php\/author\/transmedia_root\/\" title=\"Entradas de transmedia_root\" rel=\"author\">transmedia_root<\/a><\/span><\/span><span class=\"updated\" style=\"display:none;\">2016-02-19T12:31:22-06:00<\/span><h4 class=\"entry-title\"><a href=\"http:\/\/16599transmedia.org.mx\/index.php\/2016\/02\/19\/arturo-rodea-victoria\/\">Arturo Rodea Victoria<\/a><\/h4><\/div><\/div><div class=\"fusion-column column col col-lg-2 col-md-2 col-sm-2\"><div class=\"fusion-flexslider flexslider flexslider-hover-type-none\"><ul class=\"slides\"><li><a href=\"http:\/\/16599transmedia.org.mx\/index.php\/2016\/02\/19\/raul-fuerte-montoya\/\" class=\"hover-type-none\"><img src=\"http:\/\/16599transmedia.org.mx\/wp-content\/uploads\/2016\/02\/puno-rayo.png\" alt=\"\" \/><\/a><\/li><\/ul><\/div><div class=\"recent-posts-content\"><span class=\"vcard\" style=\"display: none;\"><span class=\"fn\"><a href=\"http:\/\/16599transmedia.org.mx\/index.php\/author\/transmedia_root\/\" title=\"Entradas de transmedia_root\" rel=\"author\">transmedia_root<\/a><\/span><\/span><span class=\"updated\" style=\"display:none;\">2016-02-19T12:58:39-06:00<\/span><h4 class=\"entry-title\"><a href=\"http:\/\/16599transmedia.org.mx\/index.php\/2016\/02\/19\/raul-fuerte-montoya\/\">Ra\u00fal Fuerte Montoya<\/a><\/h4><\/div><\/div><div class=\"fusion-column column col col-lg-2 col-md-2 col-sm-2\"><div class=\"fusion-flexslider flexslider flexslider-hover-type-none\"><ul class=\"slides\"><li><a href=\"http:\/\/16599transmedia.org.mx\/index.php\/2016\/02\/19\/daniel-ocampo-hernandez\/\" class=\"hover-type-none\"><img src=\"http:\/\/16599transmedia.org.mx\/wp-content\/uploads\/2016\/02\/puno-rayo.png\" alt=\"\" \/><\/a><\/li><\/ul><\/div><div class=\"recent-posts-content\"><span class=\"vcard\" style=\"display: none;\"><span class=\"fn\"><a href=\"http:\/\/16599transmedia.org.mx\/index.php\/author\/transmedia_root\/\" title=\"Entradas de transmedia_root\" rel=\"author\">transmedia_root<\/a><\/span><\/span><span class=\"updated\" style=\"display:none;\">2016-02-19T12:58:04-06:00<\/span><h4 class=\"entry-title\"><a href=\"http:\/\/16599transmedia.org.mx\/index.php\/2016\/02\/19\/daniel-ocampo-hernandez\/\">Daniel Ocampo Hern\u00e1ndez<\/a><\/h4><\/div><\/div><div class=\"fusion-column column col col-lg-2 col-md-2 col-sm-2\"><div class=\"fusion-flexslider flexslider flexslider-hover-type-none\"><ul class=\"slides\"><li><a href=\"http:\/\/16599transmedia.org.mx\/index.php\/2016\/02\/19\/ismael\/\" class=\"hover-type-none\"><img src=\"http:\/\/16599transmedia.org.mx\/wp-content\/uploads\/2016\/02\/puno-rayo.png\" alt=\"\" \/><\/a><\/li><\/ul><\/div><div class=\"recent-posts-content\"><span class=\"vcard\" style=\"display: none;\"><span class=\"fn\"><a href=\"http:\/\/16599transmedia.org.mx\/index.php\/author\/transmedia_root\/\" title=\"Entradas de transmedia_root\" rel=\"author\">transmedia_root<\/a><\/span><\/span><span class=\"updated\" style=\"display:none;\">2016-02-19T12:57:39-06:00<\/span><h4 class=\"entry-title\"><a href=\"http:\/\/16599transmedia.org.mx\/index.php\/2016\/02\/19\/ismael\/\">Ismael<\/a><\/h4><\/div><\/div><div class=\"fusion-clearfix\"><\/div><\/section><\/div><\/div><\/div>\n","protected":false},"excerpt":{"rendered":"","protected":false},"author":1,"featured_media":1457,"comment_status":"open","ping_status":"closed","sticky":false,"template":"","format":"standard","meta":[],"categories":[26],"tags":[],"_links":{"self":[{"href":"http:\/\/16599transmedia.org.mx\/index.php\/wp-json\/wp\/v2\/posts\/1636"}],"collection":[{"href":"http:\/\/16599transmedia.org.mx\/index.php\/wp-json\/wp\/v2\/posts"}],"about":[{"href":"http:\/\/16599transmedia.org.mx\/index.php\/wp-json\/wp\/v2\/types\/post"}],"author":[{"embeddable":true,"href":"http:\/\/16599transmedia.org.mx\/index.php\/wp-json\/wp\/v2\/users\/1"}],"replies":[{"embeddable":true,"href":"http:\/\/16599transmedia.org.mx\/index.php\/wp-json\/wp\/v2\/comments?post=1636"}],"version-history":[{"count":1,"href":"http:\/\/16599transmedia.org.mx\/index.php\/wp-json\/wp\/v2\/posts\/1636\/revisions"}],"predecessor-version":[{"id":1637,"href":"http:\/\/16599transmedia.org.mx\/index.php\/wp-json\/wp\/v2\/posts\/1636\/revisions\/1637"}],"wp:featuredmedia":[{"embeddable":true,"href":"http:\/\/16599transmedia.org.mx\/index.php\/wp-json\/wp\/v2\/media\/1457"}],"wp:attachment":[{"href":"http:\/\/16599transmedia.org.mx\/index.php\/wp-json\/wp\/v2\/media?parent=1636"}],"wp:term":[{"taxonomy":"category","embeddable":true,"href":"http:\/\/16599transmedia.org.mx\/index.php\/wp-json\/wp\/v2\/categories?post=1636"},{"taxonomy":"post_tag","embeddable":true,"href":"http:\/\/16599transmedia.org.mx\/index.php\/wp-json\/wp\/v2\/tags?post=1636"}],"curies":[{"name":"wp","href":"https:\/\/api.w.org\/{rel}","templated":true}]}}